{"id":11482,"date":"2026-02-17T09:12:56","date_gmt":"2026-02-17T09:12:56","guid":{"rendered":"http:\/\/localhost:10095\/?post_type=blog&#038;p=11482"},"modified":"2026-03-19T14:07:00","modified_gmt":"2026-03-19T14:07:00","slug":"ramadan-2026","status":"publish","type":"blog","link":"https:\/\/takecarebnb.org\/en\/berichten\/ramadan-2026\/","title":{"rendered":"Ramadan 2026"},"content":{"rendered":"<p>De&nbsp;Ramadan&nbsp;is \u00e9\u00e9n van de vijf zuilen van de Islam \u00e9n is daarom een belangrijke maand voor alle moslims wereldwijd. Elk jaar verplaatst de&nbsp;ramadan&nbsp;zich 10\/11\/12 dagen. Dit is omdat de islamitische kalender de maandstand volgt in plaats van de zonstand. In 2026 start de ramadan in Nederland op woensdagavond 18 februari bij zonsondergang, en het eindigt op donderdagavond 19 maart. Op 20 maart is het Suikerfeest. <\/p>\n\n\n\n<p>Voor moslims is het een bijzondere, leuke en uitdagende maand. Een maand waar je veel tijd doormaakt met familie en je band met Allah (god) versterkt. Het is ook een maand om stil te staan bij de minderbedeelden.&nbsp;Je dient namelijk dan ook een financi\u00eble gunst (sadaqa al-fitr) te geven aan hen die een steuntje in de rug kunnen gebruiken.<\/p>\n\n\n\n<h4 class=\"wp-block-heading\"><strong>Tussen suhoor en iftar<\/strong><\/h4>\n\n\n\n<p>Een belangrijk onderdeel van de ramadan is het dagelijkse vasten. Dit duurt van het aanbreken van de dageraad, ruim voor zonsopkomst (<em>fajr<\/em>), tot zonsondergang (<em>maghrib<\/em>). Vaak wordt voor het aanbreken van de dageraad en na zonsondergang uitgebreid gegeten. &#8217;s Ochtends vroeg heet de maaltijd&nbsp;<em>suhoor&nbsp;<\/em>(ook wel shor of sohor); \u2018s avonds laat&nbsp;<em>iftar<\/em>. Om iemand fijne ramadan te wensen kun je &#8216;<em>ramadan mubarak<\/em>&#8216; (&#8216;gezegende ramadan&#8217;) of \u2018<em>ramadan kareem<\/em>\u2019 (&#8216;gelukkige, overvloedige ramadan&#8217;) zeggen.<\/p>\n\n\n\n<p>Je hoeft niet aan ramadan mee te doen als je ziek, ongesteld of zwanger bent, borstvoeding geeft of een lange reis maakt. Ook jonge kinderen hoeven niet mee te doen.<\/p>\n\n\n\n<h4 class=\"wp-block-heading\">Afsluiten met een \u2018eid mubarak\u2019<\/h4>\n\n\n\n<p>Na de ramadan wordt het Suikerfeest (<em>Eid-al-Fitr<\/em>) gevierd. Op deze dag staat alles van zonsopkomst tot zonsondergang in het teken van lekker eten en gezelligheid. Wil je iemand een fijn Suikerfeest wensen, dan zeg je &#8216;<em>eid mubarak<\/em>&#8216; (&#8216;gezegend feest&#8217;).<\/p>\n\n\n\n<h4 class=\"wp-block-heading\">Meer info?<\/h4>\n\n\n\n<p>Ga naar&nbsp;<a href=\"https:\/\/npokennis.nl\/longread\/7799\/wat-is-de-ramadan\" target=\"_blank\" rel=\"noreferrer noopener\">NPO Kennis<\/a>&nbsp;voor antwoorden op veelgestelde vragen. En wat betekent ramadan op de werkvloer? Lees dit artikel van&nbsp;<a href=\"https:\/\/we.takecarebnb.org\/thoughts\/1876\">NewBees<\/a>.<\/p>\n\n\n\n<p>Heb je vragen voor Takecarebnb? Dan kun je een informatiegesprek of de informatiefolder aanvragen <a href=\"https:\/\/takecarebnb.org\/en\/\">via onze website<\/a>.<\/p>\n\n\n\n<p><\/p>","protected":false},"excerpt":{"rendered":"<p>De&nbsp;Ramadan&nbsp;is \u00e9\u00e9n van de vijf zuilen van de Islam \u00e9n is daarom een belangrijke maand voor alle moslims wereldwijd. Elk jaar verplaatst de&nbsp;ramadan&nbsp;zich 10\/11\/12 dagen. Dit is omdat de islamitische kalender de maandstand volgt in plaats van de zonstand. In 2026 start de ramadan in Nederland op woensdagavond 18 februari bij zonsondergang, en het eindigt [&hellip;]<\/p>\n","protected":false},"featured_media":11484,"template":"","subgroup":[90],"class_list":["post-11482","blog","type-blog","status-publish","has-post-thumbnail","hentry"],"acf":[],"yoast_head":"<!-- This site is optimized with the Yoast SEO plugin v27.5 - https:\/\/yoast.com\/product\/yoast-seo-wordpress\/ -->\n<title>Ramadan 2026 - Takecarebnb<\/title>\n<meta name=\"robots\" content=\"index, follow, max-snippet:-1, max-image-preview:large, max-video-preview:-1\" \/>\n<link rel=\"canonical\" href=\"https:\/\/takecarebnb.org\/en\/berichten\/ramadan-2026\/\" \/>\n<meta property=\"og:locale\" content=\"en_GB\" \/>\n<meta property=\"og:type\" content=\"article\" \/>\n<meta property=\"og:title\" content=\"Ramadan 2026 - Takecarebnb\" \/>\n<meta property=\"og:description\" content=\"De&nbsp;Ramadan&nbsp;is \u00e9\u00e9n van de vijf zuilen van de Islam \u00e9n is daarom een belangrijke maand voor alle moslims wereldwijd. Elk jaar verplaatst de&nbsp;ramadan&nbsp;zich 10\/11\/12 dagen. Dit is omdat de islamitische kalender de maandstand volgt in plaats van de zonstand. In 2026 start de ramadan in Nederland op woensdagavond 18 februari bij zonsondergang, en het eindigt [&hellip;]\" \/>\n<meta property=\"og:url\" content=\"https:\/\/takecarebnb.org\/en\/berichten\/ramadan-2026\/\" \/>\n<meta property=\"og:site_name\" content=\"Takecarebnb\" \/>\n<meta property=\"article:modified_time\" content=\"2026-03-19T14:07:00+00:00\" \/>\n<meta property=\"og:image\" content=\"https:\/\/takecarebnb.org\/wp-content\/uploads\/2026\/02\/Kopie-van-Ramadan-1600-x-1200-px-1.jpg\" \/>\n\t<meta property=\"og:image:width\" content=\"1600\" \/>\n\t<meta property=\"og:image:height\" content=\"1200\" \/>\n\t<meta property=\"og:image:type\" content=\"image\/jpeg\" \/>\n<meta name=\"twitter:card\" content=\"summary_large_image\" \/>\n<meta name=\"twitter:label1\" content=\"Estimated reading time\" \/>\n\t<meta name=\"twitter:data1\" content=\"2 minutes\" \/>\n<script type=\"application\/ld+json\" class=\"yoast-schema-graph\">{\"@context\":\"https:\\\/\\\/schema.org\",\"@graph\":[{\"@type\":\"WebPage\",\"@id\":\"https:\\\/\\\/takecarebnb.org\\\/berichten\\\/ramadan-2026\\\/\",\"url\":\"https:\\\/\\\/takecarebnb.org\\\/berichten\\\/ramadan-2026\\\/\",\"name\":\"Ramadan 2026 - Takecarebnb\",\"isPartOf\":{\"@id\":\"https:\\\/\\\/takecarebnb.org\\\/en\\\/#website\"},\"primaryImageOfPage\":{\"@id\":\"https:\\\/\\\/takecarebnb.org\\\/berichten\\\/ramadan-2026\\\/#primaryimage\"},\"image\":{\"@id\":\"https:\\\/\\\/takecarebnb.org\\\/berichten\\\/ramadan-2026\\\/#primaryimage\"},\"thumbnailUrl\":\"https:\\\/\\\/takecarebnb.org\\\/wp-content\\\/uploads\\\/2026\\\/02\\\/Kopie-van-Ramadan-1600-x-1200-px-1.jpg\",\"datePublished\":\"2026-02-17T09:12:56+00:00\",\"dateModified\":\"2026-03-19T14:07:00+00:00\",\"breadcrumb\":{\"@id\":\"https:\\\/\\\/takecarebnb.org\\\/berichten\\\/ramadan-2026\\\/#breadcrumb\"},\"inLanguage\":\"en-GB\",\"potentialAction\":[{\"@type\":\"ReadAction\",\"target\":[\"https:\\\/\\\/takecarebnb.org\\\/berichten\\\/ramadan-2026\\\/\"]}]},{\"@type\":\"ImageObject\",\"inLanguage\":\"en-GB\",\"@id\":\"https:\\\/\\\/takecarebnb.org\\\/berichten\\\/ramadan-2026\\\/#primaryimage\",\"url\":\"https:\\\/\\\/takecarebnb.org\\\/wp-content\\\/uploads\\\/2026\\\/02\\\/Kopie-van-Ramadan-1600-x-1200-px-1.jpg\",\"contentUrl\":\"https:\\\/\\\/takecarebnb.org\\\/wp-content\\\/uploads\\\/2026\\\/02\\\/Kopie-van-Ramadan-1600-x-1200-px-1.jpg\",\"width\":1600,\"height\":1200},{\"@type\":\"BreadcrumbList\",\"@id\":\"https:\\\/\\\/takecarebnb.org\\\/berichten\\\/ramadan-2026\\\/#breadcrumb\",\"itemListElement\":[{\"@type\":\"ListItem\",\"position\":1,\"name\":\"Home\",\"item\":\"https:\\\/\\\/takecarebnb.org\\\/en\\\/\"},{\"@type\":\"ListItem\",\"position\":2,\"name\":\"Ramadan 2026\"}]},{\"@type\":\"WebSite\",\"@id\":\"https:\\\/\\\/takecarebnb.org\\\/en\\\/#website\",\"url\":\"https:\\\/\\\/takecarebnb.org\\\/en\\\/\",\"name\":\"Takecarebnb\",\"description\":\"Open je wereld\",\"potentialAction\":[{\"@type\":\"SearchAction\",\"target\":{\"@type\":\"EntryPoint\",\"urlTemplate\":\"https:\\\/\\\/takecarebnb.org\\\/en\\\/?s={search_term_string}\"},\"query-input\":{\"@type\":\"PropertyValueSpecification\",\"valueRequired\":true,\"valueName\":\"search_term_string\"}}],\"inLanguage\":\"en-GB\"}]}<\/script>\n<!-- \/ Yoast SEO plugin. -->","yoast_head_json":{"title":"Ramadan 2026 - Takecarebnb","robots":{"index":"index","follow":"follow","max-snippet":"max-snippet:-1","max-image-preview":"max-image-preview:large","max-video-preview":"max-video-preview:-1"},"canonical":"https:\/\/takecarebnb.org\/en\/berichten\/ramadan-2026\/","og_locale":"en_GB","og_type":"article","og_title":"Ramadan 2026 - Takecarebnb","og_description":"De&nbsp;Ramadan&nbsp;is \u00e9\u00e9n van de vijf zuilen van de Islam \u00e9n is daarom een belangrijke maand voor alle moslims wereldwijd. Elk jaar verplaatst de&nbsp;ramadan&nbsp;zich 10\/11\/12 dagen. Dit is omdat de islamitische kalender de maandstand volgt in plaats van de zonstand. In 2026 start de ramadan in Nederland op woensdagavond 18 februari bij zonsondergang, en het eindigt [&hellip;]","og_url":"https:\/\/takecarebnb.org\/en\/berichten\/ramadan-2026\/","og_site_name":"Takecarebnb","article_modified_time":"2026-03-19T14:07:00+00:00","og_image":[{"width":1600,"height":1200,"url":"https:\/\/takecarebnb.org\/wp-content\/uploads\/2026\/02\/Kopie-van-Ramadan-1600-x-1200-px-1.jpg","type":"image\/jpeg"}],"twitter_card":"summary_large_image","twitter_misc":{"Estimated reading time":"2 minutes"},"schema":{"@context":"https:\/\/schema.org","@graph":[{"@type":"WebPage","@id":"https:\/\/takecarebnb.org\/berichten\/ramadan-2026\/","url":"https:\/\/takecarebnb.org\/berichten\/ramadan-2026\/","name":"Ramadan 2026 - Takecarebnb","isPartOf":{"@id":"https:\/\/takecarebnb.org\/en\/#website"},"primaryImageOfPage":{"@id":"https:\/\/takecarebnb.org\/berichten\/ramadan-2026\/#primaryimage"},"image":{"@id":"https:\/\/takecarebnb.org\/berichten\/ramadan-2026\/#primaryimage"},"thumbnailUrl":"https:\/\/takecarebnb.org\/wp-content\/uploads\/2026\/02\/Kopie-van-Ramadan-1600-x-1200-px-1.jpg","datePublished":"2026-02-17T09:12:56+00:00","dateModified":"2026-03-19T14:07:00+00:00","breadcrumb":{"@id":"https:\/\/takecarebnb.org\/berichten\/ramadan-2026\/#breadcrumb"},"inLanguage":"en-GB","potentialAction":[{"@type":"ReadAction","target":["https:\/\/takecarebnb.org\/berichten\/ramadan-2026\/"]}]},{"@type":"ImageObject","inLanguage":"en-GB","@id":"https:\/\/takecarebnb.org\/berichten\/ramadan-2026\/#primaryimage","url":"https:\/\/takecarebnb.org\/wp-content\/uploads\/2026\/02\/Kopie-van-Ramadan-1600-x-1200-px-1.jpg","contentUrl":"https:\/\/takecarebnb.org\/wp-content\/uploads\/2026\/02\/Kopie-van-Ramadan-1600-x-1200-px-1.jpg","width":1600,"height":1200},{"@type":"BreadcrumbList","@id":"https:\/\/takecarebnb.org\/berichten\/ramadan-2026\/#breadcrumb","itemListElement":[{"@type":"ListItem","position":1,"name":"Home","item":"https:\/\/takecarebnb.org\/en\/"},{"@type":"ListItem","position":2,"name":"Ramadan 2026"}]},{"@type":"WebSite","@id":"https:\/\/takecarebnb.org\/en\/#website","url":"https:\/\/takecarebnb.org\/en\/","name":"Takecarebnb","description":"Open je wereld","potentialAction":[{"@type":"SearchAction","target":{"@type":"EntryPoint","urlTemplate":"https:\/\/takecarebnb.org\/en\/?s={search_term_string}"},"query-input":{"@type":"PropertyValueSpecification","valueRequired":true,"valueName":"search_term_string"}}],"inLanguage":"en-GB"}]}},"_links":{"self":[{"href":"https:\/\/takecarebnb.org\/en\/wp-json\/wp\/v2\/blog\/11482","targetHints":{"allow":["GET"]}}],"collection":[{"href":"https:\/\/takecarebnb.org\/en\/wp-json\/wp\/v2\/blog"}],"about":[{"href":"https:\/\/takecarebnb.org\/en\/wp-json\/wp\/v2\/types\/blog"}],"wp:featuredmedia":[{"embeddable":true,"href":"https:\/\/takecarebnb.org\/en\/wp-json\/wp\/v2\/media\/11484"}],"wp:attachment":[{"href":"https:\/\/takecarebnb.org\/en\/wp-json\/wp\/v2\/media?parent=11482"}],"wp:term":[{"taxonomy":"subgroup","embeddable":true,"href":"https:\/\/takecarebnb.org\/en\/wp-json\/wp\/v2\/subgroup?post=11482"}],"curies":[{"name":"wp","href":"https:\/\/api.w.org\/{rel}","templated":true}]}}